{"id":917,"date":"2022-05-15T16:08:00","date_gmt":"2022-05-15T16:08:00","guid":{"rendered":"http:\/\/pelosincentroveterinario.es\/?p=917"},"modified":"2022-05-10T16:25:14","modified_gmt":"2022-05-10T16:25:14","slug":"la-rabia","status":"publish","type":"post","link":"http:\/\/pelosincentroveterinario.es\/index.php\/2022\/05\/15\/la-rabia\/","title":{"rendered":"La Rabia"},"content":{"rendered":"\n<p>La Rabia es una zoonosis v\u00edrica (virus de la familia Lyssavirus) que afecta a todos los mam\u00edferos, incluido el hombre, y que provoca la muerte en pocas semanas si no se trata a tiempo. El principal trasmisor es el perro, pero la fauna silvestre (murci\u00e9lagos, zorros&#8230;) tambi\u00e9n juega un papel en la presencia del virus. Su d\u00eda internacional es el 28 de Septiembre (desde 2007), coincidiendo con la fecha aniversario del fallecimiento de Louis Pasteur, quien administr\u00f3 la primera vacuna en 1885 a un chico al que un perro rabioso le mordi\u00f3 14 veces y sobrevivi\u00f3.<\/p>\n\n\n\n<p>Causa 59000 muertes de personas al a\u00f1o en el Mundo, principalmente en La India y el resto de Asia, y en \u00c1frica. En Europa est\u00e1 pr\u00e1cticamente erradicada a excepci\u00f3n de en Grecia e Italia, que desde hace unos pocos a\u00f1os para ac\u00e1, tienen problemas con la rabia en animales silvestres. <\/p>\n\n\n\n<p>Espa\u00f1a estuvo libre desde 1978 gracias a las campa\u00f1as de vacunaci\u00f3n que se llevaron a cabo por los pueblos, hasta 2013 que se registr\u00f3 un caso de un animal importado de Marruecos. Desde entonces, hay casos puntuales todos los a\u00f1os, y especialmente desde Septiembre de 2021 hasta la fecha, en Melilla llevan registrados 9 casos en perros callejeros. Y es que Espa\u00f1a, por su ubicaci\u00f3n pr\u00f3xima a pa\u00edses end\u00e9micos (norte de \u00c1frica y Marruecos), es susceptible de sufrir casos importados por los movimientos de personas y animales desde \u00c1frica a Centroeuropa. Tambi\u00e9n por la entrada de animales ilegales sin cumplir el periodo de cuarentena.<\/p>\n\n\n\n<p>La principal <strong>forma de contagio<\/strong> es a trav\u00e9s de la mordedura de un animal afectado. Aunque tambi\u00e9n son posibles el contacto de heridas con saliva de un animal infectado, trasplantes y aerosoles. El virus no puede atravesar la piel intacta. Tras la entrada, el virus se replica en los m\u00fasculos, accede a nervios perif\u00e9ricos pasando desapercibido al sistema inmune, y llega al enc\u00e9falo (SNC). Una vez all\u00ed, se distribuye por el organismo, dando los s\u00edntomas. El <strong>periodo de incubaci\u00f3n<\/strong> va desde pocas semanas a varios meses. Este tiempo depende de la localizaci\u00f3n de la mordedura (menor tiempo cuanto m\u00e1s cerca del enc\u00e9falo), de la severidad de la mordedura (cuanto m\u00e1s numerosas, menor tiempo), y de la cantidad de part\u00edculas viales tenga la saliva.<\/p>\n\n\n\n<p>Los <strong>s\u00edntomas<\/strong>, existen 2 formas o fases, que se pueden superponer:<\/p>\n\n\n\n<ol class=\"wp-block-list\"><li>fase FURIOSA. El animal est\u00e1 intranquilo, deambula constantemente, tiene las pupilas dilatadas, ataca tanto a animales como a cosas, tiene insensibilidad al dolor, apetito distorsionado, fotofobia, hidrofobia, hipersalivaci\u00f3n (esto es muy importante para el mantenimiento de la cadena de trasmisi\u00f3n).<\/li><li>fase MUDA. Sigue a la anterior y provoca un estado de par\u00e1lisis general con temblores musculares, par\u00e1lisis de mand\u00edbula y de lengua lo que dificulta que pueda tragar y la hipersalivaci\u00f3n es a\u00fan m\u00e1s evidente, ataxia (p\u00e9rdida de equilibrio), tics nerviosos, convulsiones, par\u00e1lisis de los m\u00fasculos respiratorio y la muerte.<\/li><\/ol>\n\n\n\n<p>El hombre manifiesta dolor de cabeza, fiebre, ansiedad, hormigueo en el lugar de la mordedura.<\/p>\n\n\n\n<p>El <strong>tratamiento<\/strong> solo es efectivo si se administra inmediatamente tras la mordedura. Si la persona no est\u00e1 vacunada (que es lo habitual), se administran 4 dosis de vacuna separadas unos d\u00edas y junto con la primera dosis un suero antirr\u00e1bico que contiene una inmunoglobulina. Si la persona est\u00e1 vacunada (personal que trabaja con animales rabiosos), solo se administran 2 dosis separadas 3 d\u00edas. En el caso de los animales, si el animal no est\u00e1 vacunado o no est\u00e1 identificado y manifiesta s\u00edntomas, se eutanasia. Si est\u00e1 identificado y es sospechoso, se saca sangre para valorar el t\u00edtulo de anticuerpos, se revacuna y se pone en cuarentena. Pueden manifestar s\u00edntomas hasta 6 meses despu\u00e9s de la mordedura.<\/p>\n\n\n\n<p>Si el tratamiento se demora y comienzan los s\u00edntomas, una vez que el virus ha llegado al enc\u00e9falo, ya no hay nada que hacer.<\/p>\n\n\n\n<p>Es una enfermedad de Declaraci\u00f3n Obligatoria, es decir, que tanto si te muerde un animal como si ves uno sospechoso en la calle, hay que avisar a la polic\u00eda local que a su vez avisa a los servicios de riesgo ambientales y alimentarios (Consejer\u00eda de Sanidad). Ellos se encargan de hacer las pruebas pertinentes. <em>Si ves un animal sospechoso en la calle, no lo toques, te puede morder.<\/em><\/p>\n\n\n\n<p>La <strong>vacunaci\u00f3n<\/strong> es tanto tratamiento como medio de prevenci\u00f3n. Se comienzan a vacunar a cachorros a partir de los 3 meses.<\/p>\n\n\n\n<p>La situaci\u00f3n actual de la vacunaci\u00f3n en Espa\u00f1a, se regula por legislaci\u00f3n auton\u00f3mica, es decir, hay comunidades en las que la vacunaci\u00f3n no es obligatoria (Galicia, Pa\u00eds Vasco y Catalu\u00f1a), en Asturias solo es obligatoria para los perros potencialmente peligrosos, en otras es obligatoria solo para los perros cada 2 a\u00f1os, en otras cada a\u00f1o, en Andaluc\u00eda, Murcia, Comunidad Valenciana y Castilla La Mancha es obligatoria para perros, gatos y hurones de forma anual, con una primovacunaci\u00f3n de 2 dosis; y en Ceuta y Melilla adem\u00e1s tambi\u00e9n se vacunan los caballos. <\/p>\n\n\n\n<p>Para viajar con la mascota por el territorio nacional, tienes que cumplir la normativa m\u00e1s restrictiva. Se vas a Le\u00f3n con tu perro, lo deber\u00e1s vacunar cada 2 a\u00f1os, pero si vas a ir a Madrid, tendr\u00e1s que revacunar todos los a\u00f1os. Para viajar por Europa, el animales mayores de 3 meses deben ir identificados y vacunados. <\/p>\n\n\n\n<p>Para viajar fuera de la Uni\u00f3n Europea, adem\u00e1s de vacunados e identificados, deben tener un t\u00edtulo de anticuerpo antirr\u00e1bico que certifique que su inmunidad es adecuada, el cual se valora sacando sangre a los 30 d\u00edas de la administraci\u00f3n de la vacuna y que puede tardar 15 d\u00edas en llegar. Es importante programar con tiempo el viaje, porque puede ser necesario administrar una segunda dosis de vacuna, lo cual demora 40 d\u00edas m\u00e1s la obtenci\u00f3n del certificado. Mencionar, que una vez se obtiene el certificado, \u00e9ste tiene una validez de 7 a\u00f1os siempre y cuando revacunes al animal de forma anual. Hay algunos pa\u00edses que no te piden nada para entrar (consultar con el Consulado), pero s\u00ed para regresar a Espa\u00f1a. Esta informaci\u00f3n se puede consultar en la web de MAPA (Ministerio de Agricultura, Pesca y Alimentaci\u00f3n).<\/p>\n\n\n\n<p>Ya para terminar, desde el Colegio de Veterinarios de Asturias se llevan a\u00f1os pidiendo la obligatoriedad de la vacunaci\u00f3n anual e igual para todas las comunidades. En las comunidades en las que es obligatoria, no se vacunan ni al 70% de los animales con lo cual no se tiene la inmunidad de reba\u00f1o. Si a esto le sumamos que no tenemos casos desde 1978 y que no sabemos reconocerla, podemos tener un problema muy serio.<\/p>\n\n\n\n<p>Toda esta parrafada es el resumen que hice para hablar de este tema en la radio de San Martin. Es extenso, lo s\u00e9! Pero hay mucho desconocimiento sobre la rabia y es una zoonosis muy actual, no tanto como el Covid, pero tambi\u00e9n mata personas. Hasta la pr\u00f3xima!<\/p>\n","protected":false},"excerpt":{"rendered":"<p>La rabia es una zoonosis que mata en la actualidad a 59000 personas al a\u00f1o en todo el Mundo. En Espa\u00f1a se erradic\u00f3 en 1978 pero esto tambi\u00e9n es nuestro h\u00e1ndicap ya que estamos relajando las medidas de prevenci\u00f3n y no sabemos identificar los s\u00edntomas.<\/p>\n","protected":false},"author":1,"featured_media":342,"comment_status":"open","ping_status":"open","sticky":false,"template":"","format":"standard","meta":{"_themeisle_gutenberg_block_has_review":false,"footnotes":""},"categories":[6,9,1],"tags":[],"class_list":["post-917","post","type-post","status-publish","format-standard","has-post-thumbnail","hentry","category-guias","category-medicina","category-uncategorized"],"yoast_head":"<!-- This site is optimized with the Yoast SEO plugin v22.7 - https:\/\/yoast.com\/wordpress\/plugins\/seo\/ -->\n<title>La Rabia - Pelos\u00edn Centro Veterinario<\/title>\n<meta name=\"robots\" content=\"index, follow, max-snippet:-1, max-image-preview:large, max-video-preview:-1\" \/>\n<link rel=\"canonical\" href=\"http:\/\/pelosincentroveterinario.es\/index.php\/2022\/05\/15\/la-rabia\/\" \/>\n<meta property=\"og:locale\" content=\"es_ES\" \/>\n<meta property=\"og:type\" content=\"article\" \/>\n<meta property=\"og:title\" content=\"La Rabia - Pelos\u00edn Centro Veterinario\" \/>\n<meta property=\"og:description\" content=\"La rabia es una zoonosis que mata en la actualidad a 59000 personas al a\u00f1o en todo el Mundo. En Espa\u00f1a se erradic\u00f3 en 1978 pero esto tambi\u00e9n es nuestro h\u00e1ndicap ya que estamos relajando las medidas de prevenci\u00f3n y no sabemos identificar los s\u00edntomas.\" \/>\n<meta property=\"og:url\" content=\"http:\/\/pelosincentroveterinario.es\/index.php\/2022\/05\/15\/la-rabia\/\" \/>\n<meta property=\"og:site_name\" content=\"Pelos\u00edn Centro Veterinario\" \/>\n<meta property=\"article:published_time\" content=\"2022-05-15T16:08:00+00:00\" \/>\n<meta property=\"article:modified_time\" content=\"2022-05-10T16:25:14+00:00\" \/>\n<meta property=\"og:image\" content=\"http:\/\/pelosincentroveterinario.es\/wp-content\/uploads\/2020\/06\/dog-1210559_1280.jpg\" \/>\n\t<meta property=\"og:image:width\" content=\"1280\" \/>\n\t<meta property=\"og:image:height\" content=\"960\" \/>\n\t<meta property=\"og:image:type\" content=\"image\/jpeg\" \/>\n<meta name=\"author\" content=\"Luj\u00e1n Rea\" \/>\n<meta name=\"twitter:card\" content=\"summary_large_image\" \/>\n<meta name=\"twitter:label1\" content=\"Escrito por\" \/>\n\t<meta name=\"twitter:data1\" content=\"Luj\u00e1n Rea\" \/>\n\t<meta name=\"twitter:label2\" content=\"Tiempo de lectura\" \/>\n\t<meta name=\"twitter:data2\" content=\"6 minutos\" \/>\n<script type=\"application\/ld+json\" class=\"yoast-schema-graph\">{\"@context\":\"https:\/\/schema.org\",\"@graph\":[{\"@type\":\"WebPage\",\"@id\":\"http:\/\/pelosincentroveterinario.es\/index.php\/2022\/05\/15\/la-rabia\/\",\"url\":\"http:\/\/pelosincentroveterinario.es\/index.php\/2022\/05\/15\/la-rabia\/\",\"name\":\"La Rabia - Pelos\u00edn Centro Veterinario\",\"isPartOf\":{\"@id\":\"http:\/\/pelosincentroveterinario.es\/#website\"},\"primaryImageOfPage\":{\"@id\":\"http:\/\/pelosincentroveterinario.es\/index.php\/2022\/05\/15\/la-rabia\/#primaryimage\"},\"image\":{\"@id\":\"http:\/\/pelosincentroveterinario.es\/index.php\/2022\/05\/15\/la-rabia\/#primaryimage\"},\"thumbnailUrl\":\"http:\/\/pelosincentroveterinario.es\/wp-content\/uploads\/2020\/06\/dog-1210559_1280.jpg\",\"datePublished\":\"2022-05-15T16:08:00+00:00\",\"dateModified\":\"2022-05-10T16:25:14+00:00\",\"author\":{\"@id\":\"http:\/\/pelosincentroveterinario.es\/#\/schema\/person\/afce3da7e4e1dbef9fa630cccc985f4e\"},\"breadcrumb\":{\"@id\":\"http:\/\/pelosincentroveterinario.es\/index.php\/2022\/05\/15\/la-rabia\/#breadcrumb\"},\"inLanguage\":\"es\",\"potentialAction\":[{\"@type\":\"ReadAction\",\"target\":[\"http:\/\/pelosincentroveterinario.es\/index.php\/2022\/05\/15\/la-rabia\/\"]}]},{\"@type\":\"ImageObject\",\"inLanguage\":\"es\",\"@id\":\"http:\/\/pelosincentroveterinario.es\/index.php\/2022\/05\/15\/la-rabia\/#primaryimage\",\"url\":\"http:\/\/pelosincentroveterinario.es\/wp-content\/uploads\/2020\/06\/dog-1210559_1280.jpg\",\"contentUrl\":\"http:\/\/pelosincentroveterinario.es\/wp-content\/uploads\/2020\/06\/dog-1210559_1280.jpg\",\"width\":1280,\"height\":960},{\"@type\":\"BreadcrumbList\",\"@id\":\"http:\/\/pelosincentroveterinario.es\/index.php\/2022\/05\/15\/la-rabia\/#breadcrumb\",\"itemListElement\":[{\"@type\":\"ListItem\",\"position\":1,\"name\":\"Portada\",\"item\":\"http:\/\/pelosincentroveterinario.es\/\"},{\"@type\":\"ListItem\",\"position\":2,\"name\":\"La Rabia\"}]},{\"@type\":\"WebSite\",\"@id\":\"http:\/\/pelosincentroveterinario.es\/#website\",\"url\":\"http:\/\/pelosincentroveterinario.es\/\",\"name\":\"Pelos\u00edn Centro Veterinario - Hotel de gatos\",\"description\":\"Centro veterinario especializado en medicina felina y comprometido con el bienestar familiar.\",\"potentialAction\":[{\"@type\":\"SearchAction\",\"target\":{\"@type\":\"EntryPoint\",\"urlTemplate\":\"http:\/\/pelosincentroveterinario.es\/?s={search_term_string}\"},\"query-input\":\"required name=search_term_string\"}],\"inLanguage\":\"es\"},{\"@type\":\"Person\",\"@id\":\"http:\/\/pelosincentroveterinario.es\/#\/schema\/person\/afce3da7e4e1dbef9fa630cccc985f4e\",\"name\":\"Luj\u00e1n Rea\",\"image\":{\"@type\":\"ImageObject\",\"inLanguage\":\"es\",\"@id\":\"http:\/\/pelosincentroveterinario.es\/#\/schema\/person\/image\/\",\"url\":\"https:\/\/secure.gravatar.com\/avatar\/0813e30f4e6ac03241b4b29dde60d298e7784361cb8e5c494ba7494d9d4a5806?s=96&d=mm&r=g\",\"contentUrl\":\"https:\/\/secure.gravatar.com\/avatar\/0813e30f4e6ac03241b4b29dde60d298e7784361cb8e5c494ba7494d9d4a5806?s=96&d=mm&r=g\",\"caption\":\"Luj\u00e1n Rea\"},\"sameAs\":[\"http:\/\/pelosincentroveterinario.es\"],\"url\":\"http:\/\/pelosincentroveterinario.es\/index.php\/author\/admin\/\"}]}<\/script>\n<!-- \/ Yoast SEO plugin. -->","yoast_head_json":{"title":"La Rabia - Pelos\u00edn Centro Veterinario","robots":{"index":"index","follow":"follow","max-snippet":"max-snippet:-1","max-image-preview":"max-image-preview:large","max-video-preview":"max-video-preview:-1"},"canonical":"http:\/\/pelosincentroveterinario.es\/index.php\/2022\/05\/15\/la-rabia\/","og_locale":"es_ES","og_type":"article","og_title":"La Rabia - Pelos\u00edn Centro Veterinario","og_description":"La rabia es una zoonosis que mata en la actualidad a 59000 personas al a\u00f1o en todo el Mundo. En Espa\u00f1a se erradic\u00f3 en 1978 pero esto tambi\u00e9n es nuestro h\u00e1ndicap ya que estamos relajando las medidas de prevenci\u00f3n y no sabemos identificar los s\u00edntomas.","og_url":"http:\/\/pelosincentroveterinario.es\/index.php\/2022\/05\/15\/la-rabia\/","og_site_name":"Pelos\u00edn Centro Veterinario","article_published_time":"2022-05-15T16:08:00+00:00","article_modified_time":"2022-05-10T16:25:14+00:00","og_image":[{"width":1280,"height":960,"url":"http:\/\/pelosincentroveterinario.es\/wp-content\/uploads\/2020\/06\/dog-1210559_1280.jpg","type":"image\/jpeg"}],"author":"Luj\u00e1n Rea","twitter_card":"summary_large_image","twitter_misc":{"Escrito por":"Luj\u00e1n Rea","Tiempo de lectura":"6 minutos"},"schema":{"@context":"https:\/\/schema.org","@graph":[{"@type":"WebPage","@id":"http:\/\/pelosincentroveterinario.es\/index.php\/2022\/05\/15\/la-rabia\/","url":"http:\/\/pelosincentroveterinario.es\/index.php\/2022\/05\/15\/la-rabia\/","name":"La Rabia - Pelos\u00edn Centro Veterinario","isPartOf":{"@id":"http:\/\/pelosincentroveterinario.es\/#website"},"primaryImageOfPage":{"@id":"http:\/\/pelosincentroveterinario.es\/index.php\/2022\/05\/15\/la-rabia\/#primaryimage"},"image":{"@id":"http:\/\/pelosincentroveterinario.es\/index.php\/2022\/05\/15\/la-rabia\/#primaryimage"},"thumbnailUrl":"http:\/\/pelosincentroveterinario.es\/wp-content\/uploads\/2020\/06\/dog-1210559_1280.jpg","datePublished":"2022-05-15T16:08:00+00:00","dateModified":"2022-05-10T16:25:14+00:00","author":{"@id":"http:\/\/pelosincentroveterinario.es\/#\/schema\/person\/afce3da7e4e1dbef9fa630cccc985f4e"},"breadcrumb":{"@id":"http:\/\/pelosincentroveterinario.es\/index.php\/2022\/05\/15\/la-rabia\/#breadcrumb"},"inLanguage":"es","potentialAction":[{"@type":"ReadAction","target":["http:\/\/pelosincentroveterinario.es\/index.php\/2022\/05\/15\/la-rabia\/"]}]},{"@type":"ImageObject","inLanguage":"es","@id":"http:\/\/pelosincentroveterinario.es\/index.php\/2022\/05\/15\/la-rabia\/#primaryimage","url":"http:\/\/pelosincentroveterinario.es\/wp-content\/uploads\/2020\/06\/dog-1210559_1280.jpg","contentUrl":"http:\/\/pelosincentroveterinario.es\/wp-content\/uploads\/2020\/06\/dog-1210559_1280.jpg","width":1280,"height":960},{"@type":"BreadcrumbList","@id":"http:\/\/pelosincentroveterinario.es\/index.php\/2022\/05\/15\/la-rabia\/#breadcrumb","itemListElement":[{"@type":"ListItem","position":1,"name":"Portada","item":"http:\/\/pelosincentroveterinario.es\/"},{"@type":"ListItem","position":2,"name":"La Rabia"}]},{"@type":"WebSite","@id":"http:\/\/pelosincentroveterinario.es\/#website","url":"http:\/\/pelosincentroveterinario.es\/","name":"Pelos\u00edn Centro Veterinario - Hotel de gatos","description":"Centro veterinario especializado en medicina felina y comprometido con el bienestar familiar.","potentialAction":[{"@type":"SearchAction","target":{"@type":"EntryPoint","urlTemplate":"http:\/\/pelosincentroveterinario.es\/?s={search_term_string}"},"query-input":"required name=search_term_string"}],"inLanguage":"es"},{"@type":"Person","@id":"http:\/\/pelosincentroveterinario.es\/#\/schema\/person\/afce3da7e4e1dbef9fa630cccc985f4e","name":"Luj\u00e1n Rea","image":{"@type":"ImageObject","inLanguage":"es","@id":"http:\/\/pelosincentroveterinario.es\/#\/schema\/person\/image\/","url":"https:\/\/secure.gravatar.com\/avatar\/0813e30f4e6ac03241b4b29dde60d298e7784361cb8e5c494ba7494d9d4a5806?s=96&d=mm&r=g","contentUrl":"https:\/\/secure.gravatar.com\/avatar\/0813e30f4e6ac03241b4b29dde60d298e7784361cb8e5c494ba7494d9d4a5806?s=96&d=mm&r=g","caption":"Luj\u00e1n Rea"},"sameAs":["http:\/\/pelosincentroveterinario.es"],"url":"http:\/\/pelosincentroveterinario.es\/index.php\/author\/admin\/"}]}},"_links":{"self":[{"href":"http:\/\/pelosincentroveterinario.es\/index.php\/wp-json\/wp\/v2\/posts\/917","targetHints":{"allow":["GET"]}}],"collection":[{"href":"http:\/\/pelosincentroveterinario.es\/index.php\/wp-json\/wp\/v2\/posts"}],"about":[{"href":"http:\/\/pelosincentroveterinario.es\/index.php\/wp-json\/wp\/v2\/types\/post"}],"author":[{"embeddable":true,"href":"http:\/\/pelosincentroveterinario.es\/index.php\/wp-json\/wp\/v2\/users\/1"}],"replies":[{"embeddable":true,"href":"http:\/\/pelosincentroveterinario.es\/index.php\/wp-json\/wp\/v2\/comments?post=917"}],"version-history":[{"count":1,"href":"http:\/\/pelosincentroveterinario.es\/index.php\/wp-json\/wp\/v2\/posts\/917\/revisions"}],"predecessor-version":[{"id":920,"href":"http:\/\/pelosincentroveterinario.es\/index.php\/wp-json\/wp\/v2\/posts\/917\/revisions\/920"}],"wp:featuredmedia":[{"embeddable":true,"href":"http:\/\/pelosincentroveterinario.es\/index.php\/wp-json\/wp\/v2\/media\/342"}],"wp:attachment":[{"href":"http:\/\/pelosincentroveterinario.es\/index.php\/wp-json\/wp\/v2\/media?parent=917"}],"wp:term":[{"taxonomy":"category","embeddable":true,"href":"http:\/\/pelosincentroveterinario.es\/index.php\/wp-json\/wp\/v2\/categories?post=917"},{"taxonomy":"post_tag","embeddable":true,"href":"http:\/\/pelosincentroveterinario.es\/index.php\/wp-json\/wp\/v2\/tags?post=917"}],"curies":[{"name":"wp","href":"https:\/\/api.w.org\/{rel}","templated":true}]}}