{"id":911,"date":"2022-04-10T15:17:00","date_gmt":"2022-04-10T15:17:00","guid":{"rendered":"http:\/\/pelosincentroveterinario.es\/?p=911"},"modified":"2022-04-08T16:07:10","modified_gmt":"2022-04-08T16:07:10","slug":"pelosin-en-la-onda","status":"publish","type":"post","link":"http:\/\/pelosincentroveterinario.es\/index.php\/2022\/04\/10\/pelosin-en-la-onda\/","title":{"rendered":"Pelos\u00edn en la onda"},"content":{"rendered":"\n<p>El pasado 20 de marzo grabamos telef\u00f3nicamente una entrevista para la radio de San Martin, que se emitir\u00eda el mi\u00e9rcoles y viernes siguientes, hablando del hotel para gatos Pelos\u00edn.<\/p>\n\n\n\n<p>Aunque las preguntas que me iban a hacer ya las sab\u00eda y me hab\u00eda dado tiempo a pensar c\u00f3mo contestarlas, las 2 primeras quedaron un poco vagas, y la \u00faltima me pill\u00f3 completamente de imprevisto.<\/p>\n\n\n\n<p>Me preguntaron c\u00f3mo hab\u00eda surgido la idea del hotel. Para mi es obvio que el hotel es una forma de desconexi\u00f3n pero quiz\u00e1 la explicaci\u00f3n no qued\u00f3 clara. Las personas que han tenido que cuidar de una mascota anciana (gato o perro) saben el desgaste psicol\u00f3gico que esto supone. En el caso de los veterinarios, cuando cuidamos de estas mascotas ancianas, suele ser en situaciones cr\u00edticas (hospitalizados y\/o en los \u00faltimos momentos de vida), y aunque esos animales no sean nuestros y no tengamos el mismo v\u00ednculo con ellos, esos cuidados intensivos tambi\u00e9n nos agotan. Una familia puede atender a una mascota enferma cada X a\u00f1os. Los veterinarios atendemos enfermos m\u00e1s a menudo y a veces tenemos, o al menos yo tengo la sensaci\u00f3n de que se me mueren todos. Es por esto, por lo que decid\u00ed aportar un lugar donde cuidar gatos sanos y a la par ofrecer un lugar donde dejarlos. La idea se me ocurri\u00f3 en mi \u00faltimo trabajo (por cuenta ajena), durante una guardia tranquila. Los gatos hospitalizados de larga duraci\u00f3n no sal\u00edan de la jaula en d\u00edas, y cuando yo estaba \u00abociosa\u00bb y los gatos estables, los sacaba a una habitaci\u00f3n para que se movieran un poco y me sentaba con ellos en el suelo, y a veces hasta nos d\u00e1bamos mimos. Era mi momento relax en guardias de hasta 42 horas y en un ambiente no muy favorable.<\/p>\n\n\n\n<p>Tambi\u00e9n me preguntaron sobre el nombre de la cl\u00ednica\/hotel. Al respecto hay otra entrada en el blog que pod\u00e9is consultar.<\/p>\n\n\n\n<p>El resto de la entrevista la hice bien, contest\u00e9 adecuadamente a las preguntas de instalaciones, precios, etc, que pod\u00e9is consultar en Instagram. Aunque luego me lie con la forma de llegar al centro desde Las Cuencas mineras, no me acordaba del nombre de la calle Benito Otero Mart\u00ednez y llam\u00e9 a toda la calle Alicia concepci\u00f3n Alvarez. Por suerte estamos en Google Maps y existen los navegadores.<\/p>\n\n\n\n<p>Para la siguiente vez me saldr\u00e1 mejor.<\/p>\n","protected":false},"excerpt":{"rendered":"<p>Aunque sab\u00eda las preguntas que me iban a hacer y me dio tiempo a pensar la respuesta, a la primera cuesti\u00f3n la explicaci\u00f3n qued\u00f3 un poco incompresible. Aqu\u00ed os lo explico mejor.<\/p>\n","protected":false},"author":1,"featured_media":0,"comment_status":"open","ping_status":"open","sticky":false,"template":"","format":"standard","meta":{"_themeisle_gutenberg_block_has_review":false,"footnotes":""},"categories":[7,8,14],"tags":[],"class_list":["post-911","post","type-post","status-publish","format-standard","hentry","category-actividades","category-anecdotas","category-noticias"],"yoast_head":"<!-- This site is optimized with the Yoast SEO plugin v22.7 - https:\/\/yoast.com\/wordpress\/plugins\/seo\/ -->\n<title>Pelos\u00edn en la onda - Pelos\u00edn Centro Veterinario<\/title>\n<meta name=\"robots\" content=\"index, follow, max-snippet:-1, max-image-preview:large, max-video-preview:-1\" \/>\n<link rel=\"canonical\" href=\"http:\/\/pelosincentroveterinario.es\/index.php\/2022\/04\/10\/pelosin-en-la-onda\/\" \/>\n<meta property=\"og:locale\" content=\"es_ES\" \/>\n<meta property=\"og:type\" content=\"article\" \/>\n<meta property=\"og:title\" content=\"Pelos\u00edn en la onda - Pelos\u00edn Centro Veterinario\" \/>\n<meta property=\"og:description\" content=\"Aunque sab\u00eda las preguntas que me iban a hacer y me dio tiempo a pensar la respuesta, a la primera cuesti\u00f3n la explicaci\u00f3n qued\u00f3 un poco incompresible. Aqu\u00ed os lo explico mejor.\" \/>\n<meta property=\"og:url\" content=\"http:\/\/pelosincentroveterinario.es\/index.php\/2022\/04\/10\/pelosin-en-la-onda\/\" \/>\n<meta property=\"og:site_name\" content=\"Pelos\u00edn Centro Veterinario\" \/>\n<meta property=\"article:published_time\" content=\"2022-04-10T15:17:00+00:00\" \/>\n<meta property=\"article:modified_time\" content=\"2022-04-08T16:07:10+00:00\" \/>\n<meta name=\"author\" content=\"Luj\u00e1n Rea\" \/>\n<meta name=\"twitter:card\" content=\"summary_large_image\" \/>\n<meta name=\"twitter:label1\" content=\"Escrito por\" \/>\n\t<meta name=\"twitter:data1\" content=\"Luj\u00e1n Rea\" \/>\n\t<meta name=\"twitter:label2\" content=\"Tiempo de lectura\" \/>\n\t<meta name=\"twitter:data2\" content=\"2 minutos\" \/>\n<script type=\"application\/ld+json\" class=\"yoast-schema-graph\">{\"@context\":\"https:\/\/schema.org\",\"@graph\":[{\"@type\":\"WebPage\",\"@id\":\"http:\/\/pelosincentroveterinario.es\/index.php\/2022\/04\/10\/pelosin-en-la-onda\/\",\"url\":\"http:\/\/pelosincentroveterinario.es\/index.php\/2022\/04\/10\/pelosin-en-la-onda\/\",\"name\":\"Pelos\u00edn en la onda - Pelos\u00edn Centro Veterinario\",\"isPartOf\":{\"@id\":\"https:\/\/pelosincentroveterinario.es\/#website\"},\"datePublished\":\"2022-04-10T15:17:00+00:00\",\"dateModified\":\"2022-04-08T16:07:10+00:00\",\"author\":{\"@id\":\"https:\/\/pelosincentroveterinario.es\/#\/schema\/person\/afce3da7e4e1dbef9fa630cccc985f4e\"},\"breadcrumb\":{\"@id\":\"http:\/\/pelosincentroveterinario.es\/index.php\/2022\/04\/10\/pelosin-en-la-onda\/#breadcrumb\"},\"inLanguage\":\"es\",\"potentialAction\":[{\"@type\":\"ReadAction\",\"target\":[\"http:\/\/pelosincentroveterinario.es\/index.php\/2022\/04\/10\/pelosin-en-la-onda\/\"]}]},{\"@type\":\"BreadcrumbList\",\"@id\":\"http:\/\/pelosincentroveterinario.es\/index.php\/2022\/04\/10\/pelosin-en-la-onda\/#breadcrumb\",\"itemListElement\":[{\"@type\":\"ListItem\",\"position\":1,\"name\":\"Portada\",\"item\":\"https:\/\/pelosincentroveterinario.es\/\"},{\"@type\":\"ListItem\",\"position\":2,\"name\":\"Pelos\u00edn en la onda\"}]},{\"@type\":\"WebSite\",\"@id\":\"https:\/\/pelosincentroveterinario.es\/#website\",\"url\":\"https:\/\/pelosincentroveterinario.es\/\",\"name\":\"Pelos\u00edn Centro Veterinario - Hotel de gatos\",\"description\":\"Centro veterinario especializado en medicina felina y comprometido con el bienestar familiar.\",\"potentialAction\":[{\"@type\":\"SearchAction\",\"target\":{\"@type\":\"EntryPoint\",\"urlTemplate\":\"https:\/\/pelosincentroveterinario.es\/?s={search_term_string}\"},\"query-input\":\"required name=search_term_string\"}],\"inLanguage\":\"es\"},{\"@type\":\"Person\",\"@id\":\"https:\/\/pelosincentroveterinario.es\/#\/schema\/person\/afce3da7e4e1dbef9fa630cccc985f4e\",\"name\":\"Luj\u00e1n Rea\",\"image\":{\"@type\":\"ImageObject\",\"inLanguage\":\"es\",\"@id\":\"https:\/\/pelosincentroveterinario.es\/#\/schema\/person\/image\/\",\"url\":\"https:\/\/secure.gravatar.com\/avatar\/0813e30f4e6ac03241b4b29dde60d298e7784361cb8e5c494ba7494d9d4a5806?s=96&d=mm&r=g\",\"contentUrl\":\"https:\/\/secure.gravatar.com\/avatar\/0813e30f4e6ac03241b4b29dde60d298e7784361cb8e5c494ba7494d9d4a5806?s=96&d=mm&r=g\",\"caption\":\"Luj\u00e1n Rea\"},\"sameAs\":[\"http:\/\/pelosincentroveterinario.es\"],\"url\":\"http:\/\/pelosincentroveterinario.es\/index.php\/author\/admin\/\"}]}<\/script>\n<!-- \/ Yoast SEO plugin. -->","yoast_head_json":{"title":"Pelos\u00edn en la onda - Pelos\u00edn Centro Veterinario","robots":{"index":"index","follow":"follow","max-snippet":"max-snippet:-1","max-image-preview":"max-image-preview:large","max-video-preview":"max-video-preview:-1"},"canonical":"http:\/\/pelosincentroveterinario.es\/index.php\/2022\/04\/10\/pelosin-en-la-onda\/","og_locale":"es_ES","og_type":"article","og_title":"Pelos\u00edn en la onda - Pelos\u00edn Centro Veterinario","og_description":"Aunque sab\u00eda las preguntas que me iban a hacer y me dio tiempo a pensar la respuesta, a la primera cuesti\u00f3n la explicaci\u00f3n qued\u00f3 un poco incompresible. Aqu\u00ed os lo explico mejor.","og_url":"http:\/\/pelosincentroveterinario.es\/index.php\/2022\/04\/10\/pelosin-en-la-onda\/","og_site_name":"Pelos\u00edn Centro Veterinario","article_published_time":"2022-04-10T15:17:00+00:00","article_modified_time":"2022-04-08T16:07:10+00:00","author":"Luj\u00e1n Rea","twitter_card":"summary_large_image","twitter_misc":{"Escrito por":"Luj\u00e1n Rea","Tiempo de lectura":"2 minutos"},"schema":{"@context":"https:\/\/schema.org","@graph":[{"@type":"WebPage","@id":"http:\/\/pelosincentroveterinario.es\/index.php\/2022\/04\/10\/pelosin-en-la-onda\/","url":"http:\/\/pelosincentroveterinario.es\/index.php\/2022\/04\/10\/pelosin-en-la-onda\/","name":"Pelos\u00edn en la onda - Pelos\u00edn Centro Veterinario","isPartOf":{"@id":"https:\/\/pelosincentroveterinario.es\/#website"},"datePublished":"2022-04-10T15:17:00+00:00","dateModified":"2022-04-08T16:07:10+00:00","author":{"@id":"https:\/\/pelosincentroveterinario.es\/#\/schema\/person\/afce3da7e4e1dbef9fa630cccc985f4e"},"breadcrumb":{"@id":"http:\/\/pelosincentroveterinario.es\/index.php\/2022\/04\/10\/pelosin-en-la-onda\/#breadcrumb"},"inLanguage":"es","potentialAction":[{"@type":"ReadAction","target":["http:\/\/pelosincentroveterinario.es\/index.php\/2022\/04\/10\/pelosin-en-la-onda\/"]}]},{"@type":"BreadcrumbList","@id":"http:\/\/pelosincentroveterinario.es\/index.php\/2022\/04\/10\/pelosin-en-la-onda\/#breadcrumb","itemListElement":[{"@type":"ListItem","position":1,"name":"Portada","item":"https:\/\/pelosincentroveterinario.es\/"},{"@type":"ListItem","position":2,"name":"Pelos\u00edn en la onda"}]},{"@type":"WebSite","@id":"https:\/\/pelosincentroveterinario.es\/#website","url":"https:\/\/pelosincentroveterinario.es\/","name":"Pelos\u00edn Centro Veterinario - Hotel de gatos","description":"Centro veterinario especializado en medicina felina y comprometido con el bienestar familiar.","potentialAction":[{"@type":"SearchAction","target":{"@type":"EntryPoint","urlTemplate":"https:\/\/pelosincentroveterinario.es\/?s={search_term_string}"},"query-input":"required name=search_term_string"}],"inLanguage":"es"},{"@type":"Person","@id":"https:\/\/pelosincentroveterinario.es\/#\/schema\/person\/afce3da7e4e1dbef9fa630cccc985f4e","name":"Luj\u00e1n Rea","image":{"@type":"ImageObject","inLanguage":"es","@id":"https:\/\/pelosincentroveterinario.es\/#\/schema\/person\/image\/","url":"https:\/\/secure.gravatar.com\/avatar\/0813e30f4e6ac03241b4b29dde60d298e7784361cb8e5c494ba7494d9d4a5806?s=96&d=mm&r=g","contentUrl":"https:\/\/secure.gravatar.com\/avatar\/0813e30f4e6ac03241b4b29dde60d298e7784361cb8e5c494ba7494d9d4a5806?s=96&d=mm&r=g","caption":"Luj\u00e1n Rea"},"sameAs":["http:\/\/pelosincentroveterinario.es"],"url":"http:\/\/pelosincentroveterinario.es\/index.php\/author\/admin\/"}]}},"_links":{"self":[{"href":"http:\/\/pelosincentroveterinario.es\/index.php\/wp-json\/wp\/v2\/posts\/911","targetHints":{"allow":["GET"]}}],"collection":[{"href":"http:\/\/pelosincentroveterinario.es\/index.php\/wp-json\/wp\/v2\/posts"}],"about":[{"href":"http:\/\/pelosincentroveterinario.es\/index.php\/wp-json\/wp\/v2\/types\/post"}],"author":[{"embeddable":true,"href":"http:\/\/pelosincentroveterinario.es\/index.php\/wp-json\/wp\/v2\/users\/1"}],"replies":[{"embeddable":true,"href":"http:\/\/pelosincentroveterinario.es\/index.php\/wp-json\/wp\/v2\/comments?post=911"}],"version-history":[{"count":1,"href":"http:\/\/pelosincentroveterinario.es\/index.php\/wp-json\/wp\/v2\/posts\/911\/revisions"}],"predecessor-version":[{"id":912,"href":"http:\/\/pelosincentroveterinario.es\/index.php\/wp-json\/wp\/v2\/posts\/911\/revisions\/912"}],"wp:attachment":[{"href":"http:\/\/pelosincentroveterinario.es\/index.php\/wp-json\/wp\/v2\/media?parent=911"}],"wp:term":[{"taxonomy":"category","embeddable":true,"href":"http:\/\/pelosincentroveterinario.es\/index.php\/wp-json\/wp\/v2\/categories?post=911"},{"taxonomy":"post_tag","embeddable":true,"href":"http:\/\/pelosincentroveterinario.es\/index.php\/wp-json\/wp\/v2\/tags?post=911"}],"curies":[{"name":"wp","href":"https:\/\/api.w.org\/{rel}","templated":true}]}}