{"id":897,"date":"2021-10-28T17:18:16","date_gmt":"2021-10-28T17:18:16","guid":{"rendered":"http:\/\/pelosincentroveterinario.es\/?p=897"},"modified":"2021-10-28T17:18:17","modified_gmt":"2021-10-28T17:18:17","slug":"espacio-mascotas-2021","status":"publish","type":"post","link":"http:\/\/pelosincentroveterinario.es\/index.php\/2021\/10\/28\/espacio-mascotas-2021\/","title":{"rendered":"Espacio Mascotas 2021"},"content":{"rendered":"\n<p>Espacio Mascotas 2021, fue la VI edici\u00f3n de esta feria de la mascota, la m\u00e1s importante de Asturias.<\/p>\n\n\n\n<p>Despu\u00e9s de su cancelaci\u00f3n en 2020, esta edici\u00f3n tuvo 14000 visitantes, aunque el n\u00famero de stands se vio reducido a la mitad para respetar las medidas Covid-19. Se llevaron a cabo las mismas actividades que a\u00f1os anteriores (show Bully, concurso nacional canino, exposici\u00f3n felina internacional, exposici\u00f3n de animales ex\u00f3ticos y aves, pasarela de adopci\u00f3n, exhibiciones de peluquer\u00eda canina, de agility, de educaci\u00f3n canina, charlas, concurso popular de belleza), y como novedad &lt;Dog chapel> para casar a perros. En cuanto a la exposici\u00f3n felina internacional, este a\u00f1o hubo escasa asistencia con apenas 6 razas (British, Bengal\u00ed, Sphinx, Main Coon, Abisinio, Himalayo) y muy pocos participantes.<\/p>\n\n\n\n<p>Pelos\u00edn estuvo presente con un stand b\u00e1sico (9 m2), justo a la entrada del pabell\u00f3n n\u00famero 5. Como lo que ofrecemos son servicios de alojamiento y veterinarios, era dif\u00edcil llevar un trozo del hotel. As\u00ed que optamos por mostrar una selecci\u00f3n de fotos de las instalaciones en una pantalla de televisi\u00f3n. De la cl\u00ednica llevamos unas cuantas cosas m\u00e1s (menos microchips, que tuvimos que ir a buscar a mediod\u00eda del domingo para identificar a un perro de protectora reci\u00e9n adoptado), ya que La Canina contaba con nosotros en el caso de que alg\u00fan perro necesitara asistencia veterinaria. Llevamos chuches para perros y para gatos, por no dejar la mesa s\u00f3lo con panfletos informativos. Y en cuanto al decorado del stand, 15 minutos antes del cierre de la imprenta, est\u00e1bamos recogiendo los carteles DIN A3 que pegamos en las paredes. He de decir, que con lo que pagas por el stand, el decorado podr\u00eda estar incluido.<\/p>\n\n\n\n<p>Los momentos de m\u00e1s afluencia coincid\u00edan con alguna exhibici\u00f3n canina, sobre todo la VI nacional canina del domingo por la ma\u00f1ana. Hubo asistentes que se interesaron por el hotel, algunos incluso llevaron informaci\u00f3n, otros comparaban o se re\u00edan. El caso es que, de 14000 asistentes, nosotros repartimos 50 panfletos&#8230; la proporci\u00f3n es mala! En cambio, de las chuches decorativas salieron unas cuantas.<\/p>\n\n\n\n<p>Al fin y al cabo es una experiencia m\u00e1s, de la que se aprende. Este a\u00f1o no ten\u00edamos ganas de ir, pero nos sentimos en la obligaci\u00f3n de hacerlo por la publicidad que nos hizo la c\u00e1mara de comercio de Gij\u00f3n el a\u00f1o pasado, antes de que se cancelara la convocatoria. <\/p>\n\n\n\n<p>Si alg\u00fan d\u00eda os toca ir a un evento similar como stand, llevad la comida y bebida de casa o cogerlo fuera: men\u00fa del d\u00eda plato combinado (rid\u00edculo en cuanto tama\u00f1o e ingredientes -filete, patatas, pimientos, ensalada, huevo frito-), pan, bebida y postres: 13\u20ac. Ca\u00f1a de cerveza, 2\u00b45\u20ac; infusi\u00f3n, 1\u00b46\u20ac. Las m\u00e1quinas se refrescos se quedaron sin suministros el domingo a primera hora de la tarde.<\/p>\n\n\n\n<p>Conclusi\u00f3n: como experiencia no est\u00e1 mal. No creo que volvamos como stand. Da lo mismo estar enfrente de la puerta si los visitantes van a ver exposiciones\/exhibiciones. Y muchas cosas mejorables. \u00a1Hasta la pr\u00f3xima!<\/p>\n","protected":false},"excerpt":{"rendered":"<p>Pelos\u00edn particip\u00f3 como expositor en la VI edici\u00f3n de la feria Espacio Mascotas, celebrada los d\u00edas 16 y 17 de Octubre de 2021 en Gij\u00f3n. Aqu\u00ed te contamos c\u00f3mo fue la experiencia.<\/p>\n","protected":false},"author":1,"featured_media":898,"comment_status":"open","ping_status":"open","sticky":false,"template":"","format":"standard","meta":{"_themeisle_gutenberg_block_has_review":false,"footnotes":""},"categories":[7,8,14],"tags":[20,21],"class_list":["post-897","post","type-post","status-publish","format-standard","has-post-thumbnail","hentry","category-actividades","category-anecdotas","category-noticias","tag-espacio-mascotas","tag-feria"],"yoast_head":"<!-- This site is optimized with the Yoast SEO plugin v22.7 - https:\/\/yoast.com\/wordpress\/plugins\/seo\/ -->\n<title>Espacio Mascotas 2021 - Pelos\u00edn Centro Veterinario<\/title>\n<meta name=\"robots\" content=\"index, follow, max-snippet:-1, max-image-preview:large, max-video-preview:-1\" \/>\n<link rel=\"canonical\" href=\"http:\/\/pelosincentroveterinario.es\/index.php\/2021\/10\/28\/espacio-mascotas-2021\/\" \/>\n<meta property=\"og:locale\" content=\"es_ES\" \/>\n<meta property=\"og:type\" content=\"article\" \/>\n<meta property=\"og:title\" content=\"Espacio Mascotas 2021 - Pelos\u00edn Centro Veterinario\" \/>\n<meta property=\"og:description\" content=\"Pelos\u00edn particip\u00f3 como expositor en la VI edici\u00f3n de la feria Espacio Mascotas, celebrada los d\u00edas 16 y 17 de Octubre de 2021 en Gij\u00f3n. Aqu\u00ed te contamos c\u00f3mo fue la experiencia.\" \/>\n<meta property=\"og:url\" content=\"http:\/\/pelosincentroveterinario.es\/index.php\/2021\/10\/28\/espacio-mascotas-2021\/\" \/>\n<meta property=\"og:site_name\" content=\"Pelos\u00edn Centro Veterinario\" \/>\n<meta property=\"article:published_time\" content=\"2021-10-28T17:18:16+00:00\" \/>\n<meta property=\"article:modified_time\" content=\"2021-10-28T17:18:17+00:00\" \/>\n<meta property=\"og:image\" content=\"http:\/\/pelosincentroveterinario.es\/wp-content\/uploads\/2021\/10\/20211016_105432-scaled.jpg\" \/>\n\t<meta property=\"og:image:width\" content=\"1183\" \/>\n\t<meta property=\"og:image:height\" content=\"2560\" \/>\n\t<meta property=\"og:image:type\" content=\"image\/jpeg\" \/>\n<meta name=\"author\" content=\"Luj\u00e1n Rea\" \/>\n<meta name=\"twitter:card\" content=\"summary_large_image\" \/>\n<meta name=\"twitter:label1\" content=\"Escrito por\" \/>\n\t<meta name=\"twitter:data1\" content=\"Luj\u00e1n Rea\" \/>\n\t<meta name=\"twitter:label2\" content=\"Tiempo de lectura\" \/>\n\t<meta name=\"twitter:data2\" content=\"3 minutos\" \/>\n<script type=\"application\/ld+json\" class=\"yoast-schema-graph\">{\"@context\":\"https:\/\/schema.org\",\"@graph\":[{\"@type\":\"WebPage\",\"@id\":\"http:\/\/pelosincentroveterinario.es\/index.php\/2021\/10\/28\/espacio-mascotas-2021\/\",\"url\":\"http:\/\/pelosincentroveterinario.es\/index.php\/2021\/10\/28\/espacio-mascotas-2021\/\",\"name\":\"Espacio Mascotas 2021 - Pelos\u00edn Centro Veterinario\",\"isPartOf\":{\"@id\":\"https:\/\/pelosincentroveterinario.es\/#website\"},\"primaryImageOfPage\":{\"@id\":\"http:\/\/pelosincentroveterinario.es\/index.php\/2021\/10\/28\/espacio-mascotas-2021\/#primaryimage\"},\"image\":{\"@id\":\"http:\/\/pelosincentroveterinario.es\/index.php\/2021\/10\/28\/espacio-mascotas-2021\/#primaryimage\"},\"thumbnailUrl\":\"http:\/\/pelosincentroveterinario.es\/wp-content\/uploads\/2021\/10\/20211016_105432-scaled.jpg\",\"datePublished\":\"2021-10-28T17:18:16+00:00\",\"dateModified\":\"2021-10-28T17:18:17+00:00\",\"author\":{\"@id\":\"https:\/\/pelosincentroveterinario.es\/#\/schema\/person\/afce3da7e4e1dbef9fa630cccc985f4e\"},\"breadcrumb\":{\"@id\":\"http:\/\/pelosincentroveterinario.es\/index.php\/2021\/10\/28\/espacio-mascotas-2021\/#breadcrumb\"},\"inLanguage\":\"es\",\"potentialAction\":[{\"@type\":\"ReadAction\",\"target\":[\"http:\/\/pelosincentroveterinario.es\/index.php\/2021\/10\/28\/espacio-mascotas-2021\/\"]}]},{\"@type\":\"ImageObject\",\"inLanguage\":\"es\",\"@id\":\"http:\/\/pelosincentroveterinario.es\/index.php\/2021\/10\/28\/espacio-mascotas-2021\/#primaryimage\",\"url\":\"http:\/\/pelosincentroveterinario.es\/wp-content\/uploads\/2021\/10\/20211016_105432-scaled.jpg\",\"contentUrl\":\"http:\/\/pelosincentroveterinario.es\/wp-content\/uploads\/2021\/10\/20211016_105432-scaled.jpg\",\"width\":1183,\"height\":2560},{\"@type\":\"BreadcrumbList\",\"@id\":\"http:\/\/pelosincentroveterinario.es\/index.php\/2021\/10\/28\/espacio-mascotas-2021\/#breadcrumb\",\"itemListElement\":[{\"@type\":\"ListItem\",\"position\":1,\"name\":\"Portada\",\"item\":\"https:\/\/pelosincentroveterinario.es\/\"},{\"@type\":\"ListItem\",\"position\":2,\"name\":\"Espacio Mascotas 2021\"}]},{\"@type\":\"WebSite\",\"@id\":\"https:\/\/pelosincentroveterinario.es\/#website\",\"url\":\"https:\/\/pelosincentroveterinario.es\/\",\"name\":\"Pelos\u00edn Centro Veterinario - Hotel de gatos\",\"description\":\"Centro veterinario especializado en medicina felina y comprometido con el bienestar familiar.\",\"potentialAction\":[{\"@type\":\"SearchAction\",\"target\":{\"@type\":\"EntryPoint\",\"urlTemplate\":\"https:\/\/pelosincentroveterinario.es\/?s={search_term_string}\"},\"query-input\":\"required name=search_term_string\"}],\"inLanguage\":\"es\"},{\"@type\":\"Person\",\"@id\":\"https:\/\/pelosincentroveterinario.es\/#\/schema\/person\/afce3da7e4e1dbef9fa630cccc985f4e\",\"name\":\"Luj\u00e1n Rea\",\"image\":{\"@type\":\"ImageObject\",\"inLanguage\":\"es\",\"@id\":\"https:\/\/pelosincentroveterinario.es\/#\/schema\/person\/image\/\",\"url\":\"https:\/\/secure.gravatar.com\/avatar\/0813e30f4e6ac03241b4b29dde60d298e7784361cb8e5c494ba7494d9d4a5806?s=96&d=mm&r=g\",\"contentUrl\":\"https:\/\/secure.gravatar.com\/avatar\/0813e30f4e6ac03241b4b29dde60d298e7784361cb8e5c494ba7494d9d4a5806?s=96&d=mm&r=g\",\"caption\":\"Luj\u00e1n Rea\"},\"sameAs\":[\"http:\/\/pelosincentroveterinario.es\"],\"url\":\"http:\/\/pelosincentroveterinario.es\/index.php\/author\/admin\/\"}]}<\/script>\n<!-- \/ Yoast SEO plugin. -->","yoast_head_json":{"title":"Espacio Mascotas 2021 - Pelos\u00edn Centro Veterinario","robots":{"index":"index","follow":"follow","max-snippet":"max-snippet:-1","max-image-preview":"max-image-preview:large","max-video-preview":"max-video-preview:-1"},"canonical":"http:\/\/pelosincentroveterinario.es\/index.php\/2021\/10\/28\/espacio-mascotas-2021\/","og_locale":"es_ES","og_type":"article","og_title":"Espacio Mascotas 2021 - Pelos\u00edn Centro Veterinario","og_description":"Pelos\u00edn particip\u00f3 como expositor en la VI edici\u00f3n de la feria Espacio Mascotas, celebrada los d\u00edas 16 y 17 de Octubre de 2021 en Gij\u00f3n. Aqu\u00ed te contamos c\u00f3mo fue la experiencia.","og_url":"http:\/\/pelosincentroveterinario.es\/index.php\/2021\/10\/28\/espacio-mascotas-2021\/","og_site_name":"Pelos\u00edn Centro Veterinario","article_published_time":"2021-10-28T17:18:16+00:00","article_modified_time":"2021-10-28T17:18:17+00:00","og_image":[{"width":1183,"height":2560,"url":"http:\/\/pelosincentroveterinario.es\/wp-content\/uploads\/2021\/10\/20211016_105432-scaled.jpg","type":"image\/jpeg"}],"author":"Luj\u00e1n Rea","twitter_card":"summary_large_image","twitter_misc":{"Escrito por":"Luj\u00e1n Rea","Tiempo de lectura":"3 minutos"},"schema":{"@context":"https:\/\/schema.org","@graph":[{"@type":"WebPage","@id":"http:\/\/pelosincentroveterinario.es\/index.php\/2021\/10\/28\/espacio-mascotas-2021\/","url":"http:\/\/pelosincentroveterinario.es\/index.php\/2021\/10\/28\/espacio-mascotas-2021\/","name":"Espacio Mascotas 2021 - Pelos\u00edn Centro Veterinario","isPartOf":{"@id":"https:\/\/pelosincentroveterinario.es\/#website"},"primaryImageOfPage":{"@id":"http:\/\/pelosincentroveterinario.es\/index.php\/2021\/10\/28\/espacio-mascotas-2021\/#primaryimage"},"image":{"@id":"http:\/\/pelosincentroveterinario.es\/index.php\/2021\/10\/28\/espacio-mascotas-2021\/#primaryimage"},"thumbnailUrl":"http:\/\/pelosincentroveterinario.es\/wp-content\/uploads\/2021\/10\/20211016_105432-scaled.jpg","datePublished":"2021-10-28T17:18:16+00:00","dateModified":"2021-10-28T17:18:17+00:00","author":{"@id":"https:\/\/pelosincentroveterinario.es\/#\/schema\/person\/afce3da7e4e1dbef9fa630cccc985f4e"},"breadcrumb":{"@id":"http:\/\/pelosincentroveterinario.es\/index.php\/2021\/10\/28\/espacio-mascotas-2021\/#breadcrumb"},"inLanguage":"es","potentialAction":[{"@type":"ReadAction","target":["http:\/\/pelosincentroveterinario.es\/index.php\/2021\/10\/28\/espacio-mascotas-2021\/"]}]},{"@type":"ImageObject","inLanguage":"es","@id":"http:\/\/pelosincentroveterinario.es\/index.php\/2021\/10\/28\/espacio-mascotas-2021\/#primaryimage","url":"http:\/\/pelosincentroveterinario.es\/wp-content\/uploads\/2021\/10\/20211016_105432-scaled.jpg","contentUrl":"http:\/\/pelosincentroveterinario.es\/wp-content\/uploads\/2021\/10\/20211016_105432-scaled.jpg","width":1183,"height":2560},{"@type":"BreadcrumbList","@id":"http:\/\/pelosincentroveterinario.es\/index.php\/2021\/10\/28\/espacio-mascotas-2021\/#breadcrumb","itemListElement":[{"@type":"ListItem","position":1,"name":"Portada","item":"https:\/\/pelosincentroveterinario.es\/"},{"@type":"ListItem","position":2,"name":"Espacio Mascotas 2021"}]},{"@type":"WebSite","@id":"https:\/\/pelosincentroveterinario.es\/#website","url":"https:\/\/pelosincentroveterinario.es\/","name":"Pelos\u00edn Centro Veterinario - Hotel de gatos","description":"Centro veterinario especializado en medicina felina y comprometido con el bienestar familiar.","potentialAction":[{"@type":"SearchAction","target":{"@type":"EntryPoint","urlTemplate":"https:\/\/pelosincentroveterinario.es\/?s={search_term_string}"},"query-input":"required name=search_term_string"}],"inLanguage":"es"},{"@type":"Person","@id":"https:\/\/pelosincentroveterinario.es\/#\/schema\/person\/afce3da7e4e1dbef9fa630cccc985f4e","name":"Luj\u00e1n Rea","image":{"@type":"ImageObject","inLanguage":"es","@id":"https:\/\/pelosincentroveterinario.es\/#\/schema\/person\/image\/","url":"https:\/\/secure.gravatar.com\/avatar\/0813e30f4e6ac03241b4b29dde60d298e7784361cb8e5c494ba7494d9d4a5806?s=96&d=mm&r=g","contentUrl":"https:\/\/secure.gravatar.com\/avatar\/0813e30f4e6ac03241b4b29dde60d298e7784361cb8e5c494ba7494d9d4a5806?s=96&d=mm&r=g","caption":"Luj\u00e1n Rea"},"sameAs":["http:\/\/pelosincentroveterinario.es"],"url":"http:\/\/pelosincentroveterinario.es\/index.php\/author\/admin\/"}]}},"_links":{"self":[{"href":"http:\/\/pelosincentroveterinario.es\/index.php\/wp-json\/wp\/v2\/posts\/897","targetHints":{"allow":["GET"]}}],"collection":[{"href":"http:\/\/pelosincentroveterinario.es\/index.php\/wp-json\/wp\/v2\/posts"}],"about":[{"href":"http:\/\/pelosincentroveterinario.es\/index.php\/wp-json\/wp\/v2\/types\/post"}],"author":[{"embeddable":true,"href":"http:\/\/pelosincentroveterinario.es\/index.php\/wp-json\/wp\/v2\/users\/1"}],"replies":[{"embeddable":true,"href":"http:\/\/pelosincentroveterinario.es\/index.php\/wp-json\/wp\/v2\/comments?post=897"}],"version-history":[{"count":1,"href":"http:\/\/pelosincentroveterinario.es\/index.php\/wp-json\/wp\/v2\/posts\/897\/revisions"}],"predecessor-version":[{"id":899,"href":"http:\/\/pelosincentroveterinario.es\/index.php\/wp-json\/wp\/v2\/posts\/897\/revisions\/899"}],"wp:featuredmedia":[{"embeddable":true,"href":"http:\/\/pelosincentroveterinario.es\/index.php\/wp-json\/wp\/v2\/media\/898"}],"wp:attachment":[{"href":"http:\/\/pelosincentroveterinario.es\/index.php\/wp-json\/wp\/v2\/media?parent=897"}],"wp:term":[{"taxonomy":"category","embeddable":true,"href":"http:\/\/pelosincentroveterinario.es\/index.php\/wp-json\/wp\/v2\/categories?post=897"},{"taxonomy":"post_tag","embeddable":true,"href":"http:\/\/pelosincentroveterinario.es\/index.php\/wp-json\/wp\/v2\/tags?post=897"}],"curies":[{"name":"wp","href":"https:\/\/api.w.org\/{rel}","templated":true}]}}