{"id":1030,"date":"2024-02-09T11:36:40","date_gmt":"2024-02-09T11:36:40","guid":{"rendered":"http:\/\/pelosincentroveterinario.es\/?p=1030"},"modified":"2024-02-09T11:36:42","modified_gmt":"2024-02-09T11:36:42","slug":"congreso-gemfe-2024-a-coruna","status":"publish","type":"post","link":"http:\/\/pelosincentroveterinario.es\/index.php\/2024\/02\/09\/congreso-gemfe-2024-a-coruna\/","title":{"rendered":"Congreso Gemfe 2024 A Coru\u00f1a"},"content":{"rendered":"\n<p>El \u00faltimo congreso de Medicina Felina tuvo lugar durante los d\u00edas 2, 3 y 4 de febrero, en A Coru\u00f1a.<\/p>\n\n\n\n<p>Este a\u00f1o, en lugar de tratar 2 tem\u00e1ticas, se trataron 3: etolog\u00eda, reproducci\u00f3n y traumatolog\u00eda. Como novedad (a excepci\u00f3n del congreso post-pandemia), los 4 ponentes eran de habla hispana: 3 nacionales y 1 argentino ejerciente en Suiza.<\/p>\n\n\n\n<p>En Etolog\u00eda, se habl\u00f3 de la influencia de los genes y del ambiente en el temperamento de los gatos, pudi\u00e9ndose achacar el 50% a cada factor. Si tienes un gato miedoso por raza y tiene una buena socializaci\u00f3n, es posible que no huya ante la presencia de personas; pero si por el contrario no ha tenido una buena socializaci\u00f3n, puede hacerse incluso agresivo.<\/p>\n\n\n\n<p>En Reproducci\u00f3n se dio un repaso completo a todo, desde los ciclos hormonales hasta la neonatolog\u00eda, pasando por m\u00e9todos anticonceptivos. A\u00fan hay mucho por estudiar y conocer, pero desde hace 5 a\u00f1os para ac\u00e1 se han llevado a cabo la mayor parte de los estudios de los que se disponen.<\/p>\n\n\n\n<p>El tema de Traumatolog\u00eda era nivel avanzado, con t\u00e9cnicas quir\u00fargicas no al alcance de todas las cl\u00ednicas, tanto por equipamiento como por formaci\u00f3n\/experiencia.<\/p>\n\n\n\n<p>El congreso Gemfe se caracteriza por la realizaci\u00f3n de actividades extracurriculares. Los viernes suele haber un c\u00f3ctel de bienvenida en alg\u00fan lugar pintoresco de la ciudad. En esta ocasi\u00f3n, en un Pazo. Los s\u00e1bados se organiza una cena \u00abformal\u00bb que \u00faltimamente va cogiendo tintes carnavalescos por la proximidad de las fechas con carnaval, as\u00ed que tanto el a\u00f1o pasado como este, fueron cenas tem\u00e1ticas. Este a\u00f1o disfraces a\u00f1os 60. En esta ocasi\u00f3n no asist\u00ed.<\/p>\n\n\n\n<p>Como an\u00e9cdota, este a\u00f1o el tiempo fue muy respetuoso, teniendo temperaturas y d\u00edas de primavera, en vez de las habituales borrascas y anticiclones.<\/p>\n","protected":false},"excerpt":{"rendered":"<p>Este a\u00f1o el congreso de Medicina Felina tuvo lugar en A Coru\u00f1a, del 2 al 4 de febrero. Se trataron temas de etolog\u00eda, reproducci\u00f3n y traumatolog\u00eda.<\/p>\n","protected":false},"author":1,"featured_media":1031,"comment_status":"open","ping_status":"open","sticky":false,"template":"","format":"standard","meta":{"_themeisle_gutenberg_block_has_review":false,"footnotes":""},"categories":[7,8,14],"tags":[36,38,37,39],"class_list":["post-1030","post","type-post","status-publish","format-standard","has-post-thumbnail","hentry","category-actividades","category-anecdotas","category-noticias","tag-congreso","tag-etologia","tag-reproduccion","tag-traumatologia"],"yoast_head":"<!-- This site is optimized with the Yoast SEO plugin v22.7 - https:\/\/yoast.com\/wordpress\/plugins\/seo\/ -->\n<title>Congreso Gemfe 2024 A Coru\u00f1a - Pelos\u00edn Centro Veterinario<\/title>\n<meta name=\"robots\" content=\"index, follow, max-snippet:-1, max-image-preview:large, max-video-preview:-1\" \/>\n<link rel=\"canonical\" href=\"http:\/\/pelosincentroveterinario.es\/index.php\/2024\/02\/09\/congreso-gemfe-2024-a-coruna\/\" \/>\n<meta property=\"og:locale\" content=\"es_ES\" \/>\n<meta property=\"og:type\" content=\"article\" \/>\n<meta property=\"og:title\" content=\"Congreso Gemfe 2024 A Coru\u00f1a - Pelos\u00edn Centro Veterinario\" \/>\n<meta property=\"og:description\" content=\"Este a\u00f1o el congreso de Medicina Felina tuvo lugar en A Coru\u00f1a, del 2 al 4 de febrero. Se trataron temas de etolog\u00eda, reproducci\u00f3n y traumatolog\u00eda.\" \/>\n<meta property=\"og:url\" content=\"http:\/\/pelosincentroveterinario.es\/index.php\/2024\/02\/09\/congreso-gemfe-2024-a-coruna\/\" \/>\n<meta property=\"og:site_name\" content=\"Pelos\u00edn Centro Veterinario\" \/>\n<meta property=\"article:published_time\" content=\"2024-02-09T11:36:40+00:00\" \/>\n<meta property=\"article:modified_time\" content=\"2024-02-09T11:36:42+00:00\" \/>\n<meta property=\"og:image\" content=\"http:\/\/pelosincentroveterinario.es\/wp-content\/uploads\/2024\/02\/Captura.png\" \/>\n\t<meta property=\"og:image:width\" content=\"940\" \/>\n\t<meta property=\"og:image:height\" content=\"925\" \/>\n\t<meta property=\"og:image:type\" content=\"image\/png\" \/>\n<meta name=\"author\" content=\"Luj\u00e1n Rea\" \/>\n<meta name=\"twitter:card\" content=\"summary_large_image\" \/>\n<meta name=\"twitter:label1\" content=\"Escrito por\" \/>\n\t<meta name=\"twitter:data1\" content=\"Luj\u00e1n Rea\" \/>\n\t<meta name=\"twitter:label2\" content=\"Tiempo de lectura\" \/>\n\t<meta name=\"twitter:data2\" content=\"2 minutos\" \/>\n<script type=\"application\/ld+json\" class=\"yoast-schema-graph\">{\"@context\":\"https:\/\/schema.org\",\"@graph\":[{\"@type\":\"WebPage\",\"@id\":\"http:\/\/pelosincentroveterinario.es\/index.php\/2024\/02\/09\/congreso-gemfe-2024-a-coruna\/\",\"url\":\"http:\/\/pelosincentroveterinario.es\/index.php\/2024\/02\/09\/congreso-gemfe-2024-a-coruna\/\",\"name\":\"Congreso Gemfe 2024 A Coru\u00f1a - Pelos\u00edn Centro Veterinario\",\"isPartOf\":{\"@id\":\"https:\/\/pelosincentroveterinario.es\/#website\"},\"primaryImageOfPage\":{\"@id\":\"http:\/\/pelosincentroveterinario.es\/index.php\/2024\/02\/09\/congreso-gemfe-2024-a-coruna\/#primaryimage\"},\"image\":{\"@id\":\"http:\/\/pelosincentroveterinario.es\/index.php\/2024\/02\/09\/congreso-gemfe-2024-a-coruna\/#primaryimage\"},\"thumbnailUrl\":\"http:\/\/pelosincentroveterinario.es\/wp-content\/uploads\/2024\/02\/Captura.png\",\"datePublished\":\"2024-02-09T11:36:40+00:00\",\"dateModified\":\"2024-02-09T11:36:42+00:00\",\"author\":{\"@id\":\"https:\/\/pelosincentroveterinario.es\/#\/schema\/person\/afce3da7e4e1dbef9fa630cccc985f4e\"},\"breadcrumb\":{\"@id\":\"http:\/\/pelosincentroveterinario.es\/index.php\/2024\/02\/09\/congreso-gemfe-2024-a-coruna\/#breadcrumb\"},\"inLanguage\":\"es\",\"potentialAction\":[{\"@type\":\"ReadAction\",\"target\":[\"http:\/\/pelosincentroveterinario.es\/index.php\/2024\/02\/09\/congreso-gemfe-2024-a-coruna\/\"]}]},{\"@type\":\"ImageObject\",\"inLanguage\":\"es\",\"@id\":\"http:\/\/pelosincentroveterinario.es\/index.php\/2024\/02\/09\/congreso-gemfe-2024-a-coruna\/#primaryimage\",\"url\":\"http:\/\/pelosincentroveterinario.es\/wp-content\/uploads\/2024\/02\/Captura.png\",\"contentUrl\":\"http:\/\/pelosincentroveterinario.es\/wp-content\/uploads\/2024\/02\/Captura.png\",\"width\":940,\"height\":925},{\"@type\":\"BreadcrumbList\",\"@id\":\"http:\/\/pelosincentroveterinario.es\/index.php\/2024\/02\/09\/congreso-gemfe-2024-a-coruna\/#breadcrumb\",\"itemListElement\":[{\"@type\":\"ListItem\",\"position\":1,\"name\":\"Portada\",\"item\":\"https:\/\/pelosincentroveterinario.es\/\"},{\"@type\":\"ListItem\",\"position\":2,\"name\":\"Congreso Gemfe 2024 A Coru\u00f1a\"}]},{\"@type\":\"WebSite\",\"@id\":\"https:\/\/pelosincentroveterinario.es\/#website\",\"url\":\"https:\/\/pelosincentroveterinario.es\/\",\"name\":\"Pelos\u00edn Centro Veterinario - Hotel de gatos\",\"description\":\"Centro veterinario especializado en medicina felina y comprometido con el bienestar familiar.\",\"potentialAction\":[{\"@type\":\"SearchAction\",\"target\":{\"@type\":\"EntryPoint\",\"urlTemplate\":\"https:\/\/pelosincentroveterinario.es\/?s={search_term_string}\"},\"query-input\":\"required name=search_term_string\"}],\"inLanguage\":\"es\"},{\"@type\":\"Person\",\"@id\":\"https:\/\/pelosincentroveterinario.es\/#\/schema\/person\/afce3da7e4e1dbef9fa630cccc985f4e\",\"name\":\"Luj\u00e1n Rea\",\"image\":{\"@type\":\"ImageObject\",\"inLanguage\":\"es\",\"@id\":\"https:\/\/pelosincentroveterinario.es\/#\/schema\/person\/image\/\",\"url\":\"https:\/\/secure.gravatar.com\/avatar\/0813e30f4e6ac03241b4b29dde60d298e7784361cb8e5c494ba7494d9d4a5806?s=96&d=mm&r=g\",\"contentUrl\":\"https:\/\/secure.gravatar.com\/avatar\/0813e30f4e6ac03241b4b29dde60d298e7784361cb8e5c494ba7494d9d4a5806?s=96&d=mm&r=g\",\"caption\":\"Luj\u00e1n Rea\"},\"sameAs\":[\"http:\/\/pelosincentroveterinario.es\"],\"url\":\"http:\/\/pelosincentroveterinario.es\/index.php\/author\/admin\/\"}]}<\/script>\n<!-- \/ Yoast SEO plugin. -->","yoast_head_json":{"title":"Congreso Gemfe 2024 A Coru\u00f1a - Pelos\u00edn Centro Veterinario","robots":{"index":"index","follow":"follow","max-snippet":"max-snippet:-1","max-image-preview":"max-image-preview:large","max-video-preview":"max-video-preview:-1"},"canonical":"http:\/\/pelosincentroveterinario.es\/index.php\/2024\/02\/09\/congreso-gemfe-2024-a-coruna\/","og_locale":"es_ES","og_type":"article","og_title":"Congreso Gemfe 2024 A Coru\u00f1a - Pelos\u00edn Centro Veterinario","og_description":"Este a\u00f1o el congreso de Medicina Felina tuvo lugar en A Coru\u00f1a, del 2 al 4 de febrero. Se trataron temas de etolog\u00eda, reproducci\u00f3n y traumatolog\u00eda.","og_url":"http:\/\/pelosincentroveterinario.es\/index.php\/2024\/02\/09\/congreso-gemfe-2024-a-coruna\/","og_site_name":"Pelos\u00edn Centro Veterinario","article_published_time":"2024-02-09T11:36:40+00:00","article_modified_time":"2024-02-09T11:36:42+00:00","og_image":[{"width":940,"height":925,"url":"http:\/\/pelosincentroveterinario.es\/wp-content\/uploads\/2024\/02\/Captura.png","type":"image\/png"}],"author":"Luj\u00e1n Rea","twitter_card":"summary_large_image","twitter_misc":{"Escrito por":"Luj\u00e1n Rea","Tiempo de lectura":"2 minutos"},"schema":{"@context":"https:\/\/schema.org","@graph":[{"@type":"WebPage","@id":"http:\/\/pelosincentroveterinario.es\/index.php\/2024\/02\/09\/congreso-gemfe-2024-a-coruna\/","url":"http:\/\/pelosincentroveterinario.es\/index.php\/2024\/02\/09\/congreso-gemfe-2024-a-coruna\/","name":"Congreso Gemfe 2024 A Coru\u00f1a - Pelos\u00edn Centro Veterinario","isPartOf":{"@id":"https:\/\/pelosincentroveterinario.es\/#website"},"primaryImageOfPage":{"@id":"http:\/\/pelosincentroveterinario.es\/index.php\/2024\/02\/09\/congreso-gemfe-2024-a-coruna\/#primaryimage"},"image":{"@id":"http:\/\/pelosincentroveterinario.es\/index.php\/2024\/02\/09\/congreso-gemfe-2024-a-coruna\/#primaryimage"},"thumbnailUrl":"http:\/\/pelosincentroveterinario.es\/wp-content\/uploads\/2024\/02\/Captura.png","datePublished":"2024-02-09T11:36:40+00:00","dateModified":"2024-02-09T11:36:42+00:00","author":{"@id":"https:\/\/pelosincentroveterinario.es\/#\/schema\/person\/afce3da7e4e1dbef9fa630cccc985f4e"},"breadcrumb":{"@id":"http:\/\/pelosincentroveterinario.es\/index.php\/2024\/02\/09\/congreso-gemfe-2024-a-coruna\/#breadcrumb"},"inLanguage":"es","potentialAction":[{"@type":"ReadAction","target":["http:\/\/pelosincentroveterinario.es\/index.php\/2024\/02\/09\/congreso-gemfe-2024-a-coruna\/"]}]},{"@type":"ImageObject","inLanguage":"es","@id":"http:\/\/pelosincentroveterinario.es\/index.php\/2024\/02\/09\/congreso-gemfe-2024-a-coruna\/#primaryimage","url":"http:\/\/pelosincentroveterinario.es\/wp-content\/uploads\/2024\/02\/Captura.png","contentUrl":"http:\/\/pelosincentroveterinario.es\/wp-content\/uploads\/2024\/02\/Captura.png","width":940,"height":925},{"@type":"BreadcrumbList","@id":"http:\/\/pelosincentroveterinario.es\/index.php\/2024\/02\/09\/congreso-gemfe-2024-a-coruna\/#breadcrumb","itemListElement":[{"@type":"ListItem","position":1,"name":"Portada","item":"https:\/\/pelosincentroveterinario.es\/"},{"@type":"ListItem","position":2,"name":"Congreso Gemfe 2024 A Coru\u00f1a"}]},{"@type":"WebSite","@id":"https:\/\/pelosincentroveterinario.es\/#website","url":"https:\/\/pelosincentroveterinario.es\/","name":"Pelos\u00edn Centro Veterinario - Hotel de gatos","description":"Centro veterinario especializado en medicina felina y comprometido con el bienestar familiar.","potentialAction":[{"@type":"SearchAction","target":{"@type":"EntryPoint","urlTemplate":"https:\/\/pelosincentroveterinario.es\/?s={search_term_string}"},"query-input":"required name=search_term_string"}],"inLanguage":"es"},{"@type":"Person","@id":"https:\/\/pelosincentroveterinario.es\/#\/schema\/person\/afce3da7e4e1dbef9fa630cccc985f4e","name":"Luj\u00e1n Rea","image":{"@type":"ImageObject","inLanguage":"es","@id":"https:\/\/pelosincentroveterinario.es\/#\/schema\/person\/image\/","url":"https:\/\/secure.gravatar.com\/avatar\/0813e30f4e6ac03241b4b29dde60d298e7784361cb8e5c494ba7494d9d4a5806?s=96&d=mm&r=g","contentUrl":"https:\/\/secure.gravatar.com\/avatar\/0813e30f4e6ac03241b4b29dde60d298e7784361cb8e5c494ba7494d9d4a5806?s=96&d=mm&r=g","caption":"Luj\u00e1n Rea"},"sameAs":["http:\/\/pelosincentroveterinario.es"],"url":"http:\/\/pelosincentroveterinario.es\/index.php\/author\/admin\/"}]}},"_links":{"self":[{"href":"http:\/\/pelosincentroveterinario.es\/index.php\/wp-json\/wp\/v2\/posts\/1030","targetHints":{"allow":["GET"]}}],"collection":[{"href":"http:\/\/pelosincentroveterinario.es\/index.php\/wp-json\/wp\/v2\/posts"}],"about":[{"href":"http:\/\/pelosincentroveterinario.es\/index.php\/wp-json\/wp\/v2\/types\/post"}],"author":[{"embeddable":true,"href":"http:\/\/pelosincentroveterinario.es\/index.php\/wp-json\/wp\/v2\/users\/1"}],"replies":[{"embeddable":true,"href":"http:\/\/pelosincentroveterinario.es\/index.php\/wp-json\/wp\/v2\/comments?post=1030"}],"version-history":[{"count":1,"href":"http:\/\/pelosincentroveterinario.es\/index.php\/wp-json\/wp\/v2\/posts\/1030\/revisions"}],"predecessor-version":[{"id":1032,"href":"http:\/\/pelosincentroveterinario.es\/index.php\/wp-json\/wp\/v2\/posts\/1030\/revisions\/1032"}],"wp:featuredmedia":[{"embeddable":true,"href":"http:\/\/pelosincentroveterinario.es\/index.php\/wp-json\/wp\/v2\/media\/1031"}],"wp:attachment":[{"href":"http:\/\/pelosincentroveterinario.es\/index.php\/wp-json\/wp\/v2\/media?parent=1030"}],"wp:term":[{"taxonomy":"category","embeddable":true,"href":"http:\/\/pelosincentroveterinario.es\/index.php\/wp-json\/wp\/v2\/categories?post=1030"},{"taxonomy":"post_tag","embeddable":true,"href":"http:\/\/pelosincentroveterinario.es\/index.php\/wp-json\/wp\/v2\/tags?post=1030"}],"curies":[{"name":"wp","href":"https:\/\/api.w.org\/{rel}","templated":true}]}}